{"id":8859,"date":"2026-02-26T18:25:00","date_gmt":"2026-02-26T18:25:00","guid":{"rendered":"https:\/\/wolfblanc.com\/?p=8859"},"modified":"2026-03-01T19:24:30","modified_gmt":"2026-03-01T19:24:30","slug":"outdoor-space-design-spain-terrace-garden-patio","status":"publish","type":"post","link":"https:\/\/wolfblanc.com\/sv\/outdoor-space-design-spain-terrace-garden-patio\/","title":{"rendered":"Hur du f\u00e5r ut det mesta av ditt utomhusutrymme i Spanien: Terrasser, tr\u00e4dg\u00e5rdar och uteplatser som verkligen anv\u00e4nds"},"content":{"rendered":"<figure class=\"wp-block-image size-full\"><noscript><img decoding=\"async\" type=\"image\/webp\" data-skip-lazy src=\"https:\/\/wolfblanc.com\/wp-content\/uploads\/2026\/02\/How-to-Get-the-Most-from-Your-Outdoor-Space-in-Spain-Terraces-Gardens-and-Patios-That-Are-Genuinely-Used.jpg-scaled.jpeg\" alt=\"S\u00e5 f\u00e5r du ut mesta m\u00f6jliga av din utomhusyta i Spanien Terrasser, tr\u00e4dg\u00e5rdar och uteplatser som verkligen anv\u00e4nds\" class=\"wp-image-8870\" \/><\/noscript><img decoding=\"async\" type=\"image\/webp\" src=\"data:image\/svg+xml;base64,PHN2ZyB3aWR0aD0iMjU2MCIgaGVpZ2h0PSIxMzk2IiB2aWV3Qm94PSIwIDAgMjU2MCAxMzk2IiBmaWxsPSJub25lIiB4bWxucz0iaHR0cDovL3d3dy53My5vcmcvMjAwMC9zdmciPjwvc3ZnPg==\" alt=\"S\u00e5 f\u00e5r du ut mesta m\u00f6jliga av din utomhusyta i Spanien Terrasser, tr\u00e4dg\u00e5rdar och uteplatser som verkligen anv\u00e4nds\" class=\"wp-image-8870 vp-lazyload\" data-src=\"https:\/\/wolfblanc.com\/wp-content\/uploads\/2026\/02\/How-to-Get-the-Most-from-Your-Outdoor-Space-in-Spain-Terraces-Gardens-and-Patios-That-Are-Genuinely-Used.jpg-scaled.jpeg\" data-sizes=\"auto\" loading=\"eager\"><\/figure>\n\n\n\n<div class=\"wp-block-columns is-layout-flex wp-container-core-columns-is-layout-28f84493 wp-block-columns-is-layout-flex\">\n<div class=\"wp-block-column is-layout-flow wp-block-column-is-layout-flow\">\n<p>Spaniens klimat till\u00e5ter utomhusliv p\u00e5 ett s\u00e4tt som norra Europa helt enkelt inte kan. Ett v\u00e4lplanerat uterum i Madrid eller n\u00e5gon annan spansk kuststad \u00e4r ett riktigt rum: det anv\u00e4nds f\u00f6r frukost, middag, morgonkaffe, kv\u00e4llsdrinkar, helgluncher med v\u00e4nner. Potentialen \u00e4r enorm. J\u00e4mf\u00f6relsen mellan hur olika klimat formar bostadsdesign utforskas i v\u00e5r guide till <a href=\"https:\/\/wolfblanc.com\/sv\/home-design-summer-year-round-living-spain-greece-sweden\/\">utforma bost\u00e4der f\u00f6r b\u00e5de sommar- och \u00e5retruntboende<\/a>.<\/p>\n\n\n\n<p>Men antalet spanska terrasser, tr\u00e4dg\u00e5rdar och uteplatser som verkligen anv\u00e4nds varje dag under st\u00f6rre delen av \u00e5ret, j\u00e4mf\u00f6rt med det antal som fr\u00e4mst finns p\u00e5 listfotografier och som praktiskt taget \u00f6verges i juli eftersom solen \u00e4r f\u00f6r intensiv eller det inte finns n\u00e5gonstans att sitta bekv\u00e4mt, \u00e4r talande.<\/p>\n\n\n\n<p>Skillnaden \u00e4r designen.<\/p>\n\n\n\n<h3 class=\"wp-block-heading\">De tv\u00e5 \u00e5rstiderna som spanska utomhusutrymmen m\u00e5ste klara av<\/h3>\n\n\n\n<p>Spanska utomhusutrymmen st\u00e5r inf\u00f6r tv\u00e5 olika utmaningar.<\/p>\n\n\n\n<p>Sommar: temperaturer som regelbundet \u00f6verstiger 35 till 38 grader Celsius i Madrid och i stora delar av Spaniens inland och s\u00f6dra Spanien. Direkt sol p\u00e5 en sten- eller kakelterrass g\u00f6r ytan f\u00f6r varm f\u00f6r att g\u00e5 barfota p\u00e5. Utan skugga \u00e4r det verkligen obehagligt att sitta utomhus mellan 11 och 19 i juli.<\/p>\n\n\n\n<p>Vintern: Madrids vintrar \u00e4r kallare \u00e4n vad m\u00e5nga f\u00f6rv\u00e4ntar sig. I januari sjunker temperaturen regelbundet under 5 grader p\u00e5 natten och ligger under 15 grader p\u00e5 dagen. Ett utomhusutrymme som bara fungerar i ett smalt band av idealiska temperaturer har en anv\u00e4ndbar s\u00e4song p\u00e5 kanske 3 m\u00e5nader.<\/p>\n\n\n\n<p>Utforma f\u00f6r b\u00e5da f\u00f6rh\u00e5llandena och utomhusytan blir anv\u00e4ndbar under 8 till 10 m\u00e5nader av \u00e5ret. Om man bara designar f\u00f6r ett av f\u00f6rh\u00e5llandena har man en underpresterande tillg\u00e5ng.<\/p>\n\n\n\n<h3 class=\"wp-block-heading\">Skugga: Det viktigaste beslutet f\u00f6r utomhusmilj\u00f6er<\/h3>\n\n\n\n<p>Skugga \u00e4r f\u00f6r utomhusutrymmen i Spanien vad isolering \u00e4r f\u00f6r inomhusutrymmen i Sverige. Utan den fungerar inte utrymmet.<\/p>\n\n\n\n<p>Alternativen:<\/p>\n\n\n\n<p>Fast pergola med massivt tak eller lamelltak: den mest arkitektoniska l\u00f6sningen. En v\u00e4ldesignad pergola med skjutbart eller justerbart lamelltak kan \u00f6ppnas f\u00f6r sol p\u00e5 vintern och st\u00e4ngas f\u00f6r skugga p\u00e5 sommaren. Dessa fungerar utm\u00e4rkt i spanska klimat och tillf\u00f6r fastigheten ett permanent arkitektoniskt v\u00e4rde. Om du funderar p\u00e5 att bygga en pergola som en f\u00f6rl\u00e4ngning av din befintliga byggnad kan du l\u00e4sa v\u00e5r guide till <a href=\"https:\/\/wolfblanc.com\/sv\/add-terrace-extension-garden-room-europe-permits\/\">bygga en terrass, tillbyggnad eller ett tr\u00e4dg\u00e5rdsrum<\/a> omfattar tillst\u00e5ndskraven.<\/p>\n\n\n\n<p>Inf\u00e4llbar markis: mer flexibel, billigare \u00e4n en pergola och g\u00f6r att utrymmet kan vara helt \u00f6ppet n\u00e4r s\u00e5 \u00f6nskas. Begr\u00e4nsningen \u00e4r vinden: de flesta inf\u00e4llbara markiser kan inte f\u00e4llas ut vid vindar \u00f6ver 35-40 km\/h. I kustn\u00e4ra l\u00e4gen begr\u00e4nsar detta deras anv\u00e4ndbarhet under bl\u00e5siga dagar.<\/p>\n\n\n\n<p>Skuggsegel: utm\u00e4rkt v\u00e4rde, visuellt l\u00e4tt och mycket effektivt. Fungerar b\u00e4st n\u00e4r det \u00e4r f\u00f6rankrat p\u00e5 flera st\u00e4llen och lutas f\u00f6r att ge skugga under den tid p\u00e5 dygnet d\u00e5 utrymmet anv\u00e4nds som mest.<\/p>\n\n\n\n<p>V\u00e4xtbaserad skugga: en pergola t\u00e4ckt av vinrankor \u00e4r den traditionella l\u00f6sningen i Medelhavsomr\u00e5det och har anv\u00e4nts i \u00e5rhundraden av goda sk\u00e4l. Den ger t\u00e4t skugga p\u00e5 sommaren n\u00e4r vinrankan \u00e4r i blad och sl\u00e4pper igenom vintersolen n\u00e4r vinrankan \u00e4r bar, perfekt anpassad till klimatet. Detta \u00e4r ett av m\u00e5nga exempel p\u00e5 <a href=\"https:\/\/wolfblanc.com\/sv\/climate-responsive-architecture-spain-greece-sweden\/\">klimatanpassad arkitektur<\/a> som Medelhavstraditionen har f\u00f6rfinat under \u00e5rhundraden.<\/p>\n\n\n\n<h3 class=\"wp-block-heading\">Vindskydd: Den underskattade komfortfaktorn<\/h3>\n\n\n\n<p>Vind \u00e4r ofta orsaken till att utomhusutrymmen inte anv\u00e4nds ens under behagliga dagar.<\/p>\n\n\n\n<p>I Madrid och kustomr\u00e5dena \u00e4r vindar fr\u00e5n norr och v\u00e4ster den fr\u00e4msta obehagsfaktorn under vintern. En terrass som \u00e4r \u00f6ppen mot den f\u00f6rh\u00e4rskande vindriktningen \u00e4r kall och obekv\u00e4m vid temperaturer som skulle vara behagliga p\u00e5 en skyddad plats.<\/p>\n\n\n\n<p>Vindskydd av glas, murade eller putsade v\u00e4ggar p\u00e5 strategiska platser eller planterade h\u00e4ckar ger vindskydd utan att blockera ljuset. Det viktiga \u00e4r att veta fr\u00e5n vilket h\u00e5ll den f\u00f6rh\u00e4rskande vinden kommer p\u00e5 den plats d\u00e4r du befinner dig.<\/p>\n\n\n\n<p>\u00c4ven ett partiellt vindskydd, en 1,5 m l\u00e5ng glaspanel p\u00e5 den norra sidan av en terrass, f\u00f6rb\u00e4ttrar dramatiskt anv\u00e4ndbarheten av utrymmet under de kallare m\u00e5naderna.<\/p>\n\n\n\n<h3 class=\"wp-block-heading\">Situationen f\u00f6r k\u00f6k och matplats utomhus<\/h3>\n\n\n\n<p>Matlagning och m\u00e5ltider utomhus \u00e4r en av de mest uppskattade anv\u00e4ndningsomr\u00e5dena f\u00f6r utomhusutrymmen i Spanien, och en av de mest underutformade.<\/p>\n\n\n\n<p>F\u00f6r att ett utomhusk\u00f6k ska vara r\u00e4tt placerat kr\u00e4vs: en v\u00e4derskyddad zon f\u00f6r matlagningsutrustningen (ett enkelt takutspr\u00e5ng r\u00e4cker oftast), en gasanslutning f\u00f6r en plancha eller grill om gas f\u00f6redras framf\u00f6r tr\u00e4kol, tillr\u00e4cklig yta f\u00f6r matlagning bredvid matlagningsomr\u00e5det och n\u00e4rhet till inomhusk\u00f6ket s\u00e5 att service mellan de tv\u00e5 inte \u00e4r en hinderbana.<\/p>\n\n\n\n<p>Matplatsen ska vara placerad i skuggzonen, inte i full sol (ingen vill \u00e4ta lunch i direkt juli-sol), och dimensionerad f\u00f6r det bord och de stolar som du faktiskt vill anv\u00e4nda, inklusive utrymme f\u00f6r att dra ut stolar och flytta runt bordet.<\/p>\n\n\n\n<h3 class=\"wp-block-heading\">Ytmaterial som fungerar i det spanska klimatet<\/h3>\n\n\n\n<p>Terrassytor m\u00e5ste klara direkt sol, regn och temperaturv\u00e4xlingar utan att spricka, blekna eller bli farligt hala n\u00e4r de \u00e4r v\u00e5ta.<\/p>\n\n\n\n<p>Natursten (kalksten, sandsten, granit) \u00e4r utm\u00e4rkt om den \u00e4r korrekt specificerad f\u00f6r utomhusbruk. Inte alla stenar som \u00e4r l\u00e4mpliga f\u00f6r inomhusbruk \u00e4r l\u00e4mpliga utomhus. I synnerhet kalksten m\u00e5ste ha l\u00e5g absorptionsgrad f\u00f6r spansk utomhusanv\u00e4ndning.<\/p>\n\n\n\n<p>Porslinskakel i stort format: den nuvarande standarden f\u00f6r moderna spanska terrasser. Extremt slitstark, finns i ytbehandlingar som p\u00e5 ett \u00f6vertygande s\u00e4tt efterliknar sten, halkfri n\u00e4r den \u00e4r korrekt specificerad (kontrollera halkskyddsklassificeringen f\u00f6r utomhusbruk). Det stora formatet minskar antalet fogfogar, vilket f\u00f6rb\u00e4ttrar underh\u00e5llet.<\/p>\n\n\n\n<p>Tr\u00e4trall: anv\u00e4nds i stor utstr\u00e4ckning och ser bra ut, men kr\u00e4ver regelbundet underh\u00e5ll f\u00f6r att undvika gr\u00e5 vittring och kan bli hal i v\u00e5ta f\u00f6rh\u00e5llanden om den inte behandlas p\u00e5 r\u00e4tt s\u00e4tt eller utformas med dr\u00e4neringsh\u00e5l.<\/p>\n\n\n\n<p>Exponerad betong: mycket modern, kr\u00e4ver lite underh\u00e5ll om den t\u00e4tas p\u00e5 r\u00e4tt s\u00e4tt, men blir mycket varm i direkt sommarsol. Anv\u00e4nds b\u00e4st i skuggade omr\u00e5den eller med en ljus ytbehandling.<\/p>\n\n\n\n<hr class=\"wp-block-separator has-alpha-channel-opacity\" \/>\n\n\n\n<p><strong>Planerar du att renovera ett utomhusutrymme i Spanien och vill ha en design som faktiskt kommer att anv\u00e4ndas varje dag? Ber\u00e4tta f\u00f6r oss om ditt utrymme med hj\u00e4lp av formul\u00e4ret nedan s\u00e5 svarar vi inom 48 timmar.<\/strong><\/p>\n\n\n<p><div class=\"forminator-ui forminator-custom-form forminator-custom-form-8659 forminator-design--material  forminator_ajax\" data-forminator-render=\"0\" data-form=\"forminator-module-8659\" data-uid=\"69ee360392210\"><br\/><\/div><form\r\n\t\t\t\tid=\"forminator-module-8659\"\r\n\t\t\t\tclass=\"forminator-ui forminator-custom-form forminator-custom-form-8659 forminator-design--material  forminator_ajax\"\r\n\t\t\t\tmethod=\"post\"\r\n\t\t\t\tdata-forminator-render=\"0\"\r\n\t\t\t\tdata-form-id=\"8659\"\r\n\t\t\t\t data-color-option=\"theme\" data-design=\"material\" data-grid=\"open\" style=\"display: none;\"\r\n\t\t\t\tdata-uid=\"69ee360392210\" action=\"\"\r\n\t\t\t><div role=\"alert\" aria-live=\"polite\" class=\"forminator-response-message forminator-error\" aria-hidden=\"true\"><\/div><div class=\"forminator-row\"><div id=\"name-1\" class=\"forminator-field-name forminator-col forminator-col-12\"><div class=\"forminator-field\"><input type=\"text\" name=\"name-1\" value=\"\" placeholder=\"Namn\" id=\"forminator-field-name-1_69ee360392210\" class=\"forminator-input forminator-name--field\" aria-required=\"true\" autocomplete=\"name\" \/><\/div><\/div><\/div><div class=\"forminator-row\"><div id=\"email-1\" class=\"forminator-field-email forminator-col forminator-col-6\"><div class=\"forminator-field\"><input type=\"email\" name=\"email-1\" value=\"\" placeholder=\"E-post*\" id=\"forminator-field-email-1_69ee360392210\" class=\"forminator-input forminator-email--field\" data-required=\"true\" aria-required=\"true\" autocomplete=\"email\" \/><\/div><\/div><div id=\"phone-1\" class=\"forminator-field-phone forminator-col forminator-col-6\"><div class=\"forminator-field\"><input type=\"text\" name=\"phone-1\" value=\"\" placeholder=\"Telefon (rekommenderas)\" id=\"forminator-field-phone-1_69ee360392210\" class=\"forminator-input forminator-field--phone\" data-required=\"\" aria-required=\"false\" autocomplete=\"off\" \/><\/div><\/div><\/div><div class=\"forminator-row\"><div id=\"text-1\" class=\"forminator-field-text forminator-col forminator-col-12\"><div class=\"forminator-field\"><input type=\"text\" name=\"text-1\" value=\"\" placeholder=\"Projektplats\" id=\"forminator-field-text-1_69ee360392210\" class=\"forminator-input forminator-name--field\" data-required=\"\" \/><\/div><\/div><\/div><div class=\"forminator-row\"><div id=\"textarea-1\" class=\"forminator-field-textarea forminator-col forminator-col-12\"><div class=\"forminator-field\"><textarea name=\"textarea-1\" placeholder=\"Ber\u00e4tta om ditt projekt*\" id=\"forminator-field-textarea-1_69ee360392210\" class=\"forminator-textarea\" rows=\"6\" style=\"--forminator-textarea-min-height:140px;\" ><\/textarea><\/div><\/div><\/div><div class=\"forminator-row\" style=\"margin: 0;\"><div id=\"captcha-1\" class=\"forminator-field-captcha  forminator-col-12\"><div class=\"forminator-captcha-left forminator-g-recaptcha recaptcha-invisible\" data-theme=\"light\" data-badge=\"bottomright\" data-sitekey=\"6LcY54csAAAAAALegveuieDoo37F7_h_up7F6slP\" data-size=\"invisible\"><\/div> <\/div><\/div><input type=\"hidden\" name=\"referer_url\" value=\"\" \/><div class=\"forminator-row forminator-row-last\"><div class=\"forminator-col\"><div class=\"forminator-field\"><button class=\"forminator-button forminator-button-submit\"><span>Skicka meddelande<\/span><span aria-hidden=\"true\"><\/span><\/button><\/div><\/div><\/div><input type=\"hidden\" id=\"forminator_nonce\" name=\"forminator_nonce\" value=\"0a529c52c3\" \/><input type=\"hidden\" name=\"_wp_http_referer\" value=\"\/sv\/wp-json\/wp\/v2\/posts\/8859\" \/><input type=\"hidden\" name=\"form_id\" value=\"8659\"><input type=\"hidden\" name=\"page_id\" value=\"8859\"><input type=\"hidden\" name=\"form_type\" value=\"default\"><input type=\"hidden\" name=\"current_url\" value=\"https:\/\/wolfblanc.com\/sv\/outdoor-space-design-spain-terrace-garden-patio\/\"><input type=\"hidden\" name=\"render_id\" value=\"0\"><input type=\"hidden\" name=\"action\" value=\"forminator_submit_form_custom-forms\"><input type=\"hidden\" name=\"trp-form-language\" value=\"sv\"\/><\/form><\/p>\n<\/div>\n<\/div>","protected":false},"excerpt":{"rendered":"<p>De flesta spanska terrasser, tr\u00e4dg\u00e5rdar och uteplatser \u00e4r underutformade och underutnyttjade. Hur du f\u00f6rvandlar ditt utomhusutrymme till ett rum du faktiskt bor i \u2013 layout, skugga, plantering och materialval som fungerar i det spanska klimatet.<\/p>","protected":false},"author":1,"featured_media":8870,"comment_status":"closed","ping_status":"closed","sticky":false,"template":"","format":"standard","meta":{"iawp_total_views":13,"_vp_format_video_url":"","_vp_image_focal_point":[],"wds_primary_category":0,"footnotes":""},"categories":[59,110],"tags":[],"class_list":["post-8859","post","type-post","status-publish","format-standard","has-post-thumbnail","hentry","category-insights","category-spain"],"_links":{"self":[{"href":"https:\/\/wolfblanc.com\/sv\/wp-json\/wp\/v2\/posts\/8859","targetHints":{"allow":["GET"]}}],"collection":[{"href":"https:\/\/wolfblanc.com\/sv\/wp-json\/wp\/v2\/posts"}],"about":[{"href":"https:\/\/wolfblanc.com\/sv\/wp-json\/wp\/v2\/types\/post"}],"author":[{"embeddable":true,"href":"https:\/\/wolfblanc.com\/sv\/wp-json\/wp\/v2\/users\/1"}],"replies":[{"embeddable":true,"href":"https:\/\/wolfblanc.com\/sv\/wp-json\/wp\/v2\/comments?post=8859"}],"version-history":[{"count":0,"href":"https:\/\/wolfblanc.com\/sv\/wp-json\/wp\/v2\/posts\/8859\/revisions"}],"wp:featuredmedia":[{"embeddable":true,"href":"https:\/\/wolfblanc.com\/sv\/wp-json\/wp\/v2\/media\/8870"}],"wp:attachment":[{"href":"https:\/\/wolfblanc.com\/sv\/wp-json\/wp\/v2\/media?parent=8859"}],"wp:term":[{"taxonomy":"category","embeddable":true,"href":"https:\/\/wolfblanc.com\/sv\/wp-json\/wp\/v2\/categories?post=8859"},{"taxonomy":"post_tag","embeddable":true,"href":"https:\/\/wolfblanc.com\/sv\/wp-json\/wp\/v2\/tags?post=8859"}],"curies":[{"name":"wp","href":"https:\/\/api.w.org\/{rel}","templated":true}]}}